{"id":1270,"date":"2025-01-03T15:44:59","date_gmt":"2025-01-03T14:44:59","guid":{"rendered":"https:\/\/www.kfedesfamilles.fr\/?p=1270"},"modified":"2025-01-03T16:11:29","modified_gmt":"2025-01-03T15:11:29","slug":"auto-draft-3","status":"publish","type":"post","link":"https:\/\/www.kfedesfamilles.fr\/index.php\/2025\/01\/03\/auto-draft-3\/","title":{"rendered":"\ud83c\udf89 D\u00e9cembre au Kf\u00e9 des Familles \ud83c\udf84"},"content":{"rendered":"<p>[et_pb_section fb_built=&#8221;1&#8243; _builder_version=&#8221;4.19.5&#8243; _module_preset=&#8221;default&#8221; global_colors_info=&#8221;{}&#8221;][et_pb_row _builder_version=&#8221;4.19.5&#8243; _module_preset=&#8221;default&#8221; global_colors_info=&#8221;{}&#8221;][et_pb_column type=&#8221;4_4&#8243; _builder_version=&#8221;4.19.5&#8243; _module_preset=&#8221;default&#8221; global_colors_info=&#8221;{}&#8221;][et_pb_text _builder_version=&#8221;4.19.5&#8243; _module_preset=&#8221;default&#8221; hover_enabled=&#8221;0&#8243; global_colors_info=&#8221;{}&#8221; sticky_enabled=&#8221;0&#8243;]<\/p>\n<div class=\"x9f619 xjbqb8w x1rg5ohu x168nmei x13lgxp2 x5pf9jr xo71vjh x1uhb9sk x1plvlek xryxfnj x1c4vz4f x2lah0s x1q0g3np xqjyukv x1qjc9v5 x1oa3qoh x1nhvcw1 x1xmf6yo\">\n<h1 style=\"text-align: center;\">Bonjour ! \ud83d\udc4b<\/h1>\n<h2 style=\"text-align: center;\">Voici le programme de d\u00e9cembre pour \u00e9gayer vos journ\u00e9es<\/h2>\n<h2 style=\"text-align: center;\">au Kf\u00e9 des Familles.<\/h2>\n<h2 style=\"text-align: center;\">Pr\u00eats \u00e0 passer un mois de folie avec nous ? \ud83d\ude0d<\/h2>\n<\/div>\n<p>[\/et_pb_text][et_pb_image src=&#8221;https:\/\/www.kfedesfamilles.fr\/wp-content\/uploads\/2024\/12\/Copie-de-New-Planning-decembre-2024-1.jpg&#8221; title_text=&#8221;Copie de New Planning d\u00e9cembre 2024 (1)&#8221; _builder_version=&#8221;4.19.5&#8243; _module_preset=&#8221;default&#8221; hover_enabled=&#8221;0&#8243; global_colors_info=&#8221;{}&#8221; sticky_enabled=&#8221;0&#8243;][\/et_pb_image][\/et_pb_column][\/et_pb_row][\/et_pb_section][et_pb_section fb_built=&#8221;1&#8243; theme_builder_area=&#8221;post_content&#8221; _builder_version=&#8221;4.19.5&#8243; _module_preset=&#8221;default&#8221;][et_pb_row _builder_version=&#8221;4.19.5&#8243; _module_preset=&#8221;default&#8221; theme_builder_area=&#8221;post_content&#8221; column_structure=&#8221;1_2,1_2&#8243;][et_pb_column _builder_version=&#8221;4.19.5&#8243; _module_preset=&#8221;default&#8221; type=&#8221;1_2&#8243; theme_builder_area=&#8221;post_content&#8221;][et_pb_text _builder_version=&#8221;4.19.5&#8243; _module_preset=&#8221;default&#8221; theme_builder_area=&#8221;post_content&#8221; hover_enabled=&#8221;0&#8243; sticky_enabled=&#8221;0&#8243;]<\/p>\n<h3><em>Premi\u00e8re semaine<\/em><span>\u00a0<\/span>\ud83c\udfa8\ud83c\udf31<\/h3>\n<p><strong>Mardi 3 d\u00e9cembre :<\/strong><br \/>\ud83d\udd8c\ufe0f 14h &#8211; 18h : Kf\u00e9 cr\u00e9atif avec l&#8217;\u00e9quipe<\/p>\n<p><strong>Mercredi 4 d\u00e9cembre :<\/strong><br \/>\ud83c\udf84 9h &#8211; 12h : D\u00e9coration de sapin en argile avec Marie<br \/>\ud83c\udf31 14h &#8211; 18h : Atelier vert &#8211; Semis d&#8217;hiver avec Antonin<\/p>\n<p><strong>Vendredi 6 d\u00e9cembre :<\/strong><br \/>\ud83c\udfb5 10h15 &#8211; 11h15 : \u00c9veil musical avec Anne<span>\u00a0<\/span><strong>(0-3 ans, sur inscription)<\/strong><br \/>\ud83d\udcda 14h &#8211; 18h : Kf\u00e9 litt\u00e9raire &#8211; Venez partager avec nous vos coup de c\u0153ur (roman, BD \u2026)<\/p>\n<p><strong>Samedi 7 d\u00e9cembre :<\/strong><br \/>\ud83d\udcd6 9h &#8211; 12h :Atelier sensoriel avec Marie<\/p>\n<p>[\/et_pb_text][\/et_pb_column][et_pb_column _builder_version=&#8221;4.19.5&#8243; _module_preset=&#8221;default&#8221; type=&#8221;1_2&#8243; theme_builder_area=&#8221;post_content&#8221;][et_pb_image src=&#8221;https:\/\/www.kfedesfamilles.fr\/wp-content\/uploads\/2025\/01\/ddacd2d4-0275-c058-225b-3bb7f76cee7f.png&#8221; _builder_version=&#8221;4.19.5&#8243; _module_preset=&#8221;default&#8221; theme_builder_area=&#8221;post_content&#8221; title_text=&#8221;ddacd2d4-0275-c058-225b-3bb7f76cee7f&#8221; hover_enabled=&#8221;0&#8243; sticky_enabled=&#8221;0&#8243;][\/et_pb_image][\/et_pb_column][\/et_pb_row][\/et_pb_section][et_pb_section fb_built=&#8221;1&#8243; theme_builder_area=&#8221;post_content&#8221; _builder_version=&#8221;4.19.5&#8243; _module_preset=&#8221;default&#8221;][et_pb_row _builder_version=&#8221;4.19.5&#8243; _module_preset=&#8221;default&#8221; theme_builder_area=&#8221;post_content&#8221; column_structure=&#8221;1_3,1_3,1_3&#8243;][et_pb_column _builder_version=&#8221;4.19.5&#8243; _module_preset=&#8221;default&#8221; type=&#8221;1_3&#8243; theme_builder_area=&#8221;post_content&#8221;][et_pb_image src=&#8221;https:\/\/www.kfedesfamilles.fr\/wp-content\/uploads\/2025\/01\/7ca3720b-ae90-ca44-f21b-cffc9ccd6cc2.jpg&#8221; _builder_version=&#8221;4.19.5&#8243; _module_preset=&#8221;default&#8221; theme_builder_area=&#8221;post_content&#8221; title_text=&#8221;7ca3720b-ae90-ca44-f21b-cffc9ccd6cc2&#8243; hover_enabled=&#8221;0&#8243; sticky_enabled=&#8221;0&#8243;][\/et_pb_image][\/et_pb_column][et_pb_column _builder_version=&#8221;4.19.5&#8243; _module_preset=&#8221;default&#8221; type=&#8221;1_3&#8243; theme_builder_area=&#8221;post_content&#8221;][et_pb_text _builder_version=&#8221;4.19.5&#8243; _module_preset=&#8221;default&#8221; theme_builder_area=&#8221;post_content&#8221; hover_enabled=&#8221;0&#8243; sticky_enabled=&#8221;0&#8243;]<\/p>\n<h3><em>Deuxi\u00e8me semaine<span>\u00a0<\/span><\/em>\ud83c\udf6a\ud83c\udf85<\/h3>\n<p><strong>Mardi 10 d\u00e9cembre :<\/strong><br \/>\ud83c\udf6a 16h &#8211; 18h : Atelier petit chef &#8211; Cookies avec Isabelle<\/p>\n<p><strong>Mercredi 11 d\u00e9cembre :<\/strong><br \/>\ud83d\udcda 10h &#8211; 11h : Lecture en famille avec Claire<\/p>\n<p><strong>Vendredi 13 d\u00e9cembre :<\/strong><br \/>\ud83e\uddf8 10h30 &#8211; 11h30 : Atelier motricit\u00e9 avec Marion, psychomotricienne<span>\u00a0<\/span><strong>(0-3 ans, sur inscription)<\/strong><br \/>\ud83c\udf85 16h &#8211; 19h :<span>\u00a0<\/span><strong>Kf\u00e9 hors les murs<\/strong><span>\u00a0<\/span>pour le No\u00ebl de la Cit\u00e9 Bleue (au 176 rue Achard) : Bar pour les kids<\/p>\n<p class=\"last-child\"><strong>Samedi 14 d\u00e9cembre :<\/strong><br \/>\ud83c\udfa8 9h &#8211; 12h : Atelier dessin en famille avec Isabelle<\/p>\n<p>[\/et_pb_text][\/et_pb_column][et_pb_column _builder_version=&#8221;4.19.5&#8243; _module_preset=&#8221;default&#8221; type=&#8221;1_3&#8243; theme_builder_area=&#8221;post_content&#8221;][et_pb_text _builder_version=&#8221;4.19.5&#8243; _module_preset=&#8221;default&#8221; theme_builder_area=&#8221;post_content&#8221; hover_enabled=&#8221;0&#8243; sticky_enabled=&#8221;0&#8243;]<\/p>\n<h3><em>Troisi\u00e8me semaine<\/em><span>\u00a0<\/span>\ud83e\uddf6\ud83e\uddd8<\/h3>\n<p><strong>Mardi 17 d\u00e9cembre :<\/strong><br \/>\ud83d\udd8c\ufe0f 14h &#8211; 18h : Kf\u00e9 cr\u00e9atif avec l&#8217;\u00e9quipe<\/p>\n<p><strong>Mercredi 18 d\u00e9cembre :<\/strong><br \/>\ud83d\udc68\ud83d\udc69\ud83d\udc67\ud83d\udc66 9h &#8211; 12h : M\u00e8re-credi avec Catherine de l&#8217;association Perla pour un atelier parents-enfants : Jouez, communiquez et cr\u00e9ez du lien<span>\u00a0<\/span><strong>(sur inscription)<\/strong><br \/>\ud83e\uddd8 15h &#8211; 16h : Yoga parents-enfants avec Paule<span>\u00a0<\/span><strong>(sur inscription)<\/strong><\/p>\n<p><strong>Vendredi 20 d\u00e9cembre :<\/strong><br \/>\ud83e\uddf6 16h : Atelier tricot avec Marie-H\u00e9l\u00e8ne<br \/>\ud83c\udfa4 Soir\u00e9e : Blind test pour petits et grands<\/p>\n<p><strong>Samedi 21 d\u00e9cembre :<\/strong><br \/>\ud83d\udc76 9h &#8211; 12h : La Kabane \u00e0 histoire avec Antonin<\/p>\n<p>[\/et_pb_text][\/et_pb_column][\/et_pb_row][et_pb_row _builder_version=&#8221;4.19.5&#8243; _module_preset=&#8221;default&#8221; theme_builder_area=&#8221;post_content&#8221; column_structure=&#8221;1_2,1_2&#8243;][et_pb_column _builder_version=&#8221;4.19.5&#8243; _module_preset=&#8221;default&#8221; type=&#8221;1_2&#8243; theme_builder_area=&#8221;post_content&#8221;][et_pb_text _builder_version=&#8221;4.19.5&#8243; _module_preset=&#8221;default&#8221; theme_builder_area=&#8221;post_content&#8221; hover_enabled=&#8221;0&#8243; sticky_enabled=&#8221;0&#8243;]<\/p>\n<h3>Fermeture pour les f\u00eates \ud83c\udf84<\/h3>\n<h3><\/h3>\n<p>Le Kf\u00e9 fermera ses portes le samedi 21 d\u00e9cembre \u00e0 12h.<\/p>\n<p>On vous retrouve en pleine forme le vendredi 3 janvier 2025 pour d\u00e9marrer l&#8217;ann\u00e9e avec pleins de projets ! \ud83d\ude80<\/p>\n<p>Profitez bien de cette fin d&#8217;ann\u00e9e, et passez de superbes f\u00eates ! \ud83c\udf85\u2728<br \/>On a h\u00e2te de vous retrouver avec de nouvelles surprises.<\/p>\n<p>L&#8217;\u00e9quipe du Kf\u00e9 des Familles \u2764\ufe0f<\/p>\n<p>[\/et_pb_text][\/et_pb_column][et_pb_column _builder_version=&#8221;4.19.5&#8243; _module_preset=&#8221;default&#8221; type=&#8221;1_2&#8243; theme_builder_area=&#8221;post_content&#8221;][et_pb_image src=&#8221;https:\/\/www.kfedesfamilles.fr\/wp-content\/uploads\/2025\/01\/d4452013-e621-a49a-8fe9-0f92b46aac48.png&#8221; _builder_version=&#8221;4.19.5&#8243; _module_preset=&#8221;default&#8221; theme_builder_area=&#8221;post_content&#8221; title_text=&#8221;d4452013-e621-a49a-8fe9-0f92b46aac48&#8243; hover_enabled=&#8221;0&#8243; sticky_enabled=&#8221;0&#8243;][\/et_pb_image][\/et_pb_column][\/et_pb_row][\/et_pb_section]<\/p>\n","protected":false},"excerpt":{"rendered":"<p>Bonjour ! \ud83d\udc4b Voici le programme de d\u00e9cembre pour \u00e9gayer vos journ\u00e9es au Kf\u00e9 des Familles. Pr\u00eats \u00e0 passer un mois de folie avec nous ? \ud83d\ude0d Premi\u00e8re semaine\u00a0\ud83c\udfa8\ud83c\udf31 Mardi [&hellip;]<\/p>\n","protected":false},"author":1,"featured_media":0,"comment_status":"open","ping_status":"open","sticky":false,"template":"","format":"standard","meta":{"_et_pb_use_builder":"on","_et_pb_old_content":"","_et_gb_content_width":"","_price":"","_stock":"","_tribe_ticket_header":"","_tribe_default_ticket_provider":"","_ticket_start_date":"","_ticket_end_date":"","_tribe_ticket_show_description":"","_tribe_ticket_show_not_going":false,"_tribe_ticket_use_global_stock":"","_tribe_ticket_global_stock_level":"","_global_stock_mode":"","_global_stock_cap":"","_tribe_rsvp_for_event":"","_tribe_ticket_going_count":"","_tribe_ticket_not_going_count":"","_tribe_tickets_list":"[]","_tribe_ticket_has_attendee_info_fields":false,"footnotes":""},"categories":[12],"tags":[],"class_list":["post-1270","post","type-post","status-publish","format-standard","hentry","category-blog"],"_links":{"self":[{"href":"https:\/\/www.kfedesfamilles.fr\/index.php\/wp-json\/wp\/v2\/posts\/1270","targetHints":{"allow":["GET"]}}],"collection":[{"href":"https:\/\/www.kfedesfamilles.fr\/index.php\/wp-json\/wp\/v2\/posts"}],"about":[{"href":"https:\/\/www.kfedesfamilles.fr\/index.php\/wp-json\/wp\/v2\/types\/post"}],"author":[{"embeddable":true,"href":"https:\/\/www.kfedesfamilles.fr\/index.php\/wp-json\/wp\/v2\/users\/1"}],"replies":[{"embeddable":true,"href":"https:\/\/www.kfedesfamilles.fr\/index.php\/wp-json\/wp\/v2\/comments?post=1270"}],"version-history":[{"count":7,"href":"https:\/\/www.kfedesfamilles.fr\/index.php\/wp-json\/wp\/v2\/posts\/1270\/revisions"}],"predecessor-version":[{"id":1293,"href":"https:\/\/www.kfedesfamilles.fr\/index.php\/wp-json\/wp\/v2\/posts\/1270\/revisions\/1293"}],"wp:attachment":[{"href":"https:\/\/www.kfedesfamilles.fr\/index.php\/wp-json\/wp\/v2\/media?parent=1270"}],"wp:term":[{"taxonomy":"category","embeddable":true,"href":"https:\/\/www.kfedesfamilles.fr\/index.php\/wp-json\/wp\/v2\/categories?post=1270"},{"taxonomy":"post_tag","embeddable":true,"href":"https:\/\/www.kfedesfamilles.fr\/index.php\/wp-json\/wp\/v2\/tags?post=1270"}],"curies":[{"name":"wp","href":"https:\/\/api.w.org\/{rel}","templated":true}]}}